{"id":15022,"date":"2021-05-14T17:35:48","date_gmt":"2021-05-14T15:35:48","guid":{"rendered":"https:\/\/www.anpimacerata.it\/?p=15022"},"modified":"2021-05-25T17:24:31","modified_gmt":"2021-05-25T15:24:31","slug":"il-conflitto-israelo-palestinese","status":"publish","type":"post","link":"https:\/\/www.anpimacerata.it\/?p=15022","title":{"rendered":"IL CONFLITTO ISRAELO-PALESTINESE"},"content":{"rendered":"<h5><strong><a href=\"https:\/\/www.anpi.it\/articoli\/2495\/pagliarulo-il-mondo-fermi-subito-la-guerra\">Pagliarulo: &#8220;Il mondo fermi subito la guerra!&#8221;\u00a0<\/a><\/strong>Appello del Presidente nazionale ANPI. &#8220;Non \u00e8 con la propaganda o peggio con la tifoseria che si lavora per la pace. C&#8217;\u00e8 bisogno di un movimento popolare che sotto una sola bandiera, quella dell&#8217;arcobaleno, faccia sentire la sua voce&#8221;<\/h5>\n<h5><strong><a href=\"https:\/\/www.anpi.it\/articoli\/2492\/le-violenze-a-gerusalemme-intervenga-subito-lonu\">Le violenze a Gerusalemme: &#8220;Intervenga subito l&#8217;ONU&#8221;<\/a><\/strong> 11 Maggio 2021\u00a0Nota della Segreteria nazionale ANPI. &#8220;Il rilascio dei territori occupati militarmente \u00e8 la condizione per avviare un processo pacifico che porti alla nascita di due Stati che si riconoscano reciprocamente&#8221;<\/h5>\n<h5 class=\"slide-title\"><a href=\"http:\/\/www.perlapace.it\/\"><strong>FACCIAMO PACE A GERUSALEMME!<\/strong>\u00a0<\/a>Non ci sar\u00e0 mai pace senza giustizia! Bisogna andare alla radice del problema e riconoscere ai palestinesi la stessa dignit\u00e0 e gli stessi diritti, la stessa libert\u00e0 e la stessa sicurezza che riconosciamo agli israeliani.\u00a0<a class=\"btn btn-large btn-primary\" href=\"http:\/\/www.perlapace.it\/appello-facciamo-pace-gerusalemme-aderisci-subito\/\" target=\"_self\" rel=\"noopener\">Aderisci all&#8217;appello!<\/a><\/h5>\n<p><a href=\"https:\/\/www.anpimacerata.it\/wp-content\/uploads\/2021\/05\/Lettera_aperta_Pace_Palestina_12.05.2021.pdf\">LETTERA<\/a><a href=\"https:\/\/www.anpimacerata.it\/wp-content\/uploads\/2021\/05\/Lettera_aperta_Pace_Palestina_12.05.2021.pdf\"> APERTA<\/a><strong>\u201cIn Palestina serve azione diplomatica, di pace e di rispetto del Diritto Internazionale. Occorre fermare la violenza, rimuovendone le cause, e riconoscere lo Stato di Palestina\u201d\u00a0<\/strong><\/p>\n<p><a href=\"https:\/\/www.collettiva.it\/copertine\/internazionale\/2021\/05\/21\/agenda\/riconoscere_lo_stato_di_palestina-1136190\/\">RICONOSCERE LO STATO DI PALESTINA<\/a><\/p>\n<p><iframe loading=\"lazy\" title=\"RICONOSCERE LO STATO DI PALESTINA la sua urgenza, le sue ragioni - conferenza stampa\" width=\"500\" height=\"281\" src=\"https:\/\/www.youtube.com\/embed\/l1PAsFjj1Tg?feature=oembed\" frameborder=\"0\" allow=\"accelerometer; autoplay; clipboard-write; encrypted-media; gyroscope; picture-in-picture; web-share\" referrerpolicy=\"strict-origin-when-cross-origin\" allowfullscreen><\/iframe><\/p>\n<p><a href=\"https:\/\/www.anpimacerata.it\/wp-content\/uploads\/2021\/05\/dichiarazione_finale_pacegiusta29nov.pdf\">UNA RICHIESTA CHE SI RINNOVA E CHE FINO AD ORA NON HA TROVATO ASCOLTO<\/a><\/p>\n<div id=\"article_title\">\n<h3><a href=\"https:\/\/www.anpi.it\/articoli\/2501\/riconoscere-lo-stato-di-palestina-per-disinnescare-odio-e-violenze\">&#8220;Riconoscere lo Stato di Palestina per disinnescare odio e violenze&#8221;<\/a><\/h3>\n<p>24 Maggio 2021<\/p>\n<\/div>\n<div class=\"lead decorated-links\">\n<p>Il testo della lettera inviata ai leader politici italiani da Cgil, Cisl, Uil, Anpi, Acli, Arci, Libera, Legambiente promotori della conferenza stampa del 24 maggio &#8220;Riconoscere lo Stato di Palestina: la sua urgenza, le sue ragioni&#8221;<\/p>\n<\/div>\n\n\n<p><a href=\"http:\/\/www.perlapace.it\/\">PER LA PACE<\/a><\/p>\n\n\n\n<p><a href=\"https:\/\/www.anpimacerata.it\/?page_id=12908\">RICORDI DI UN VIAGGIO IN PALESTINA<\/a><\/p>\n\n\n\n<p><a href=\"http:\/\/www.perlapace.it\/la-tragedia-gerusalemme-senza-manipolazioni-censure\/\">La panoramica della situazione descritta dall\u2019Ufficio delle Nazioni Unite per gli affari umanitari dei territori Occupati Palestinesi (OCHA).<\/a><\/p>\n","protected":false},"excerpt":{"rendered":"<p>Pagliarulo: &#8220;Il mondo fermi subito la guerra!&#8221;\u00a0Appello del Presidente nazionale ANPI. &#8220;Non \u00e8 con la propaganda o peggio con la tifoseria che si lavora per la pace. C&#8217;\u00e8 bisogno di un movimento popolare che sotto una sola bandiera, quella dell&#8217;arcobaleno, faccia sentire la sua voce&#8221; Le violenze a Gerusalemme: &#8220;Intervenga subito l&#8217;ONU&#8221; 11 Maggio 2021\u00a0Nota [&hellip;]<\/p>\n","protected":false},"author":7,"featured_media":0,"comment_status":"closed","ping_status":"open","sticky":false,"template":"","format":"standard","meta":{"footnotes":""},"categories":[61],"tags":[],"class_list":["post-15022","post","type-post","status-publish","format-standard","hentry","category-61"],"_links":{"self":[{"href":"https:\/\/www.anpimacerata.it\/index.php?rest_route=\/wp\/v2\/posts\/15022","targetHints":{"allow":["GET"]}}],"collection":[{"href":"https:\/\/www.anpimacerata.it\/index.php?rest_route=\/wp\/v2\/posts"}],"about":[{"href":"https:\/\/www.anpimacerata.it\/index.php?rest_route=\/wp\/v2\/types\/post"}],"author":[{"embeddable":true,"href":"https:\/\/www.anpimacerata.it\/index.php?rest_route=\/wp\/v2\/users\/7"}],"replies":[{"embeddable":true,"href":"https:\/\/www.anpimacerata.it\/index.php?rest_route=%2Fwp%2Fv2%2Fcomments&post=15022"}],"version-history":[{"count":15,"href":"https:\/\/www.anpimacerata.it\/index.php?rest_route=\/wp\/v2\/posts\/15022\/revisions"}],"predecessor-version":[{"id":15080,"href":"https:\/\/www.anpimacerata.it\/index.php?rest_route=\/wp\/v2\/posts\/15022\/revisions\/15080"}],"wp:attachment":[{"href":"https:\/\/www.anpimacerata.it\/index.php?rest_route=%2Fwp%2Fv2%2Fmedia&parent=15022"}],"wp:term":[{"taxonomy":"category","embeddable":true,"href":"https:\/\/www.anpimacerata.it\/index.php?rest_route=%2Fwp%2Fv2%2Fcategories&post=15022"},{"taxonomy":"post_tag","embeddable":true,"href":"https:\/\/www.anpimacerata.it\/index.php?rest_route=%2Fwp%2Fv2%2Ftags&post=15022"}],"curies":[{"name":"wp","href":"https:\/\/api.w.org\/{rel}","templated":true}]}}