{"id":17099,"date":"2022-02-27T17:02:33","date_gmt":"2022-02-27T16:02:33","guid":{"rendered":"https:\/\/www.anpimacerata.it\/?p=17099"},"modified":"2022-03-10T18:06:11","modified_gmt":"2022-03-10T17:06:11","slug":"no-allaggressione-immediato-ritiro-delle-truppe-russe-immediato-cessate-il-fuoco-negoziato-internazionale","status":"publish","type":"post","link":"https:\/\/www.anpimacerata.it\/?p=17099","title":{"rendered":"\u00a0No all&#8217;aggressione, immediato ritiro delle truppe russe, immediato cessate il fuoco, negoziato internazionale"},"content":{"rendered":"<div id=\"article_title\">\n<h1>Pagliarulo a Radio Rai: &#8220;Attenzione alla linea rossa che pu\u00f2 allargare il conflitto&#8221;<\/h1>\n<p>9 Marzo 2022<\/p>\n<\/div>\n<div class=\"lead decorated-links\">\n<p>Il testo dell&#8217;intervento del\u00a0<strong>Presidente nazionale ANPI<\/strong>\u00a0al dibattito con\u00a0<strong>Luigi Manconi<\/strong>\u00a0andato in onda alle ore 10:10 di oggi nel corso del programma &#8220;<strong><em>Tutta la citt\u00e0 ne parla<\/em><\/strong>&#8221; su Rai radio 3. Il Presidente ha anche annunciato l<strong>&#8216;adesione dell&#8217;Associazione alla manifestazione del 12 marzo a Firenze<\/strong><\/p>\n<\/div>\n<div class=\"decorated-links\">\n<p>La legittimit\u00e0 e la necessit\u00e0 della resistenza ucraina non sono assolutamente in discussione. La questione \u00e8: dov&#8217;\u00e8 la linea rossa che pu\u00f2 allargare il conflitto fino a scatenare una guerra mondiale? Fino a che punto possiamo aiutare la Resistenza ucraina diminuendo o sventando questo rischio? Secondo noi l&#8217;invio di armamenti da parte del nostro Paese pu\u00f2 essere interpretato da Putin come atto di co-belligeranza. Sottolineo che questa non \u00e8 una preoccupazione solo dell&#8217;ANPI e del movimento della pace: trovo, per esempio, molte coincidenze di opinione negli articoli di Mario Giro su\u00a0<em>Domani<\/em>, di Franco Venturini sul\u00a0<em>Corriere della sera<\/em>, di Gianfranco Pasquino sempre su\u00a0<em>Domani<\/em>. Per non parlare di un recente sondaggio in base al quale il 76 per cento degli italiani non sono d&#8217;accordo con l&#8217;invio delle armi in Ucraina. Non dimentichiamoci poi che l&#8217;aggressione criminale di Putin dura da 14 giorni e che in 14 giorni l&#8217;UE non \u00e8 stata in grado di mettere in campo una decisiva azione di trattativa per riportare la pace. Questo \u00e8 il lavoro urgente da fare e annuncio che l&#8217;ANPI aderir\u00e0 alla manifestazione del 12 marzo a Firenze. Concludo sul paragone tra resistenza ucraina e la resistenza italiana: mi pare del tutto sbagliato perch\u00e9 gli aiuti ai partigiani italiani provenivano da forze che erano in guerra da anni. Se facciamo questo paragone dobbiamo dedurre che l&#8217;Italia \u00e8 oggi in guerra con la Russia: un pericoloso falso, evidentemente.<\/p>\n<p><strong>Gianfranco Pagliarulo<\/strong><\/p>\n<p>9 marzo 2022<\/p>\n<p>(Ascolta la puntata:<a href=\"https:\/\/www.raiplaysound.it\/audio\/2022\/03\/Tutta-la-citta-ne-parla-del-09032022-5cbbd76e-61c9-45f2-aa40-75c18be5ed60.html\">\u00a0https:\/\/www.raiplaysound.it\/audio\/2022\/03\/Tutta-la-citta-ne-parla-del-09032022-5cbbd76e-61c9-45f2-aa40-75c18be5ed60.html<\/a><\/p>\n<\/div>\n<div id=\"carousel_da39a3ee5e6b4b0d3255bfef95601890afd80709\" class=\"flexslider\">\n<div class=\"flex-viewport\">\n<ul class=\"slides\">\n<li class=\"flex-active-slide\" data-thumb=\"\/media\/uploads\/photos\/2022\/03\/pagliai_lmanifesto.jpg.180x180_q85.jpg\"><img decoding=\"async\" draggable=\"false\" src=\"https:\/\/www.anpi.it\/media\/uploads\/photos\/2022\/03\/pagliai_lmanifesto.jpg.742x742_q85.jpg\" alt=\"\" \/><\/li>\n<\/ul>\n<\/div>\n<\/div>\n\n\n<figure class=\"wp-block-image size-large\"><a href=\"https:\/\/www.anpimacerata.it\/wp-content\/uploads\/2022\/03\/5f03dbcb-9dd6-47e9-b78d-6e14dc22557d-1.jpg\"><img loading=\"lazy\" decoding=\"async\" width=\"576\" height=\"1024\" src=\"https:\/\/www.anpimacerata.it\/wp-content\/uploads\/2022\/03\/5f03dbcb-9dd6-47e9-b78d-6e14dc22557d-1-576x1024.jpg\" alt=\"\" class=\"wp-image-17183\" srcset=\"https:\/\/www.anpimacerata.it\/wp-content\/uploads\/2022\/03\/5f03dbcb-9dd6-47e9-b78d-6e14dc22557d-1-576x1024.jpg 576w, https:\/\/www.anpimacerata.it\/wp-content\/uploads\/2022\/03\/5f03dbcb-9dd6-47e9-b78d-6e14dc22557d-1-169x300.jpg 169w, https:\/\/www.anpimacerata.it\/wp-content\/uploads\/2022\/03\/5f03dbcb-9dd6-47e9-b78d-6e14dc22557d-1-768x1365.jpg 768w, https:\/\/www.anpimacerata.it\/wp-content\/uploads\/2022\/03\/5f03dbcb-9dd6-47e9-b78d-6e14dc22557d-1-864x1536.jpg 864w, https:\/\/www.anpimacerata.it\/wp-content\/uploads\/2022\/03\/5f03dbcb-9dd6-47e9-b78d-6e14dc22557d-1.jpg 1152w\" sizes=\"auto, (max-width: 576px) 100vw, 576px\" \/><\/a><figcaption><strong>8 marzo<\/strong>&nbsp;<strong>Giornata Internazionale della Donna<\/strong>, una giornata&nbsp;per ricordare le discriminazioni e violenze fisiche e psicologiche di cui le Donne sono oggetto in tutto il mondo ancora di pi\u00f9 oggi che la guerra sta mettendo in pericolo insieme alla loro vita anche&nbsp;le conquiste, seppure parziali, sociali, economiche e politiche&nbsp; faticosamente ottenute.<\/figcaption><\/figure>\n\n\n\n<figure class=\"wp-block-embed is-type-wp-embed is-provider-a-n-p-i-comitato-provinciale-di-macerata wp-block-embed-a-n-p-i-comitato-provinciale-di-macerata\"><div class=\"wp-block-embed__wrapper\">\n<blockquote class=\"wp-embedded-content\" data-secret=\"eU0lL4S71e\"><a href=\"https:\/\/www.anpimacerata.it\/?p=17123\">NOTE PER LA PACE &#8211; SAN SEVERINO MARCHE<\/a><\/blockquote><iframe loading=\"lazy\" class=\"wp-embedded-content\" sandbox=\"allow-scripts\" security=\"restricted\" style=\"position: absolute; clip: rect(1px, 1px, 1px, 1px);\" title=\"&#8220;NOTE PER LA PACE &#8211; SAN SEVERINO MARCHE&#8221; &#8212; A.N.P.I. - Comitato Provinciale di Macerata\" src=\"https:\/\/www.anpimacerata.it\/?p=17123&#038;embed=true#?secret=iGqjwInUxb#?secret=eU0lL4S71e\" data-secret=\"eU0lL4S71e\" width=\"500\" height=\"282\" frameborder=\"0\" marginwidth=\"0\" marginheight=\"0\" scrolling=\"no\"><\/iframe>\n<\/div><\/figure>\n\n\n\n<figure class=\"wp-block-embed is-type-video is-provider-youtube wp-block-embed-youtube wp-embed-aspect-16-9 wp-has-aspect-ratio\"><div class=\"wp-block-embed__wrapper\">\n<iframe loading=\"lazy\" title=\"\ud83d\udfe5\ud83c\udf08 CESSATE LA GUERRA\" width=\"500\" height=\"281\" src=\"https:\/\/www.youtube.com\/embed\/qKPH51TxJF8?feature=oembed\" frameborder=\"0\" allow=\"accelerometer; autoplay; clipboard-write; encrypted-media; gyroscope; picture-in-picture; web-share\" referrerpolicy=\"strict-origin-when-cross-origin\" allowfullscreen><\/iframe>\n<\/div><\/figure>\n\n\n\n<figure class=\"wp-block-image size-full\"><a href=\"https:\/\/www.anpimacerata.it\/wp-content\/uploads\/2022\/03\/5_marzo.jpg.742x742_q85.jpg\"><img loading=\"lazy\" decoding=\"async\" width=\"657\" height=\"742\" src=\"https:\/\/www.anpimacerata.it\/wp-content\/uploads\/2022\/03\/5_marzo.jpg.742x742_q85.jpg\" alt=\"\" class=\"wp-image-17129\" srcset=\"https:\/\/www.anpimacerata.it\/wp-content\/uploads\/2022\/03\/5_marzo.jpg.742x742_q85.jpg 657w, https:\/\/www.anpimacerata.it\/wp-content\/uploads\/2022\/03\/5_marzo.jpg.742x742_q85-266x300.jpg 266w\" sizes=\"auto, (max-width: 657px) 100vw, 657px\" \/><\/a><\/figure>\n\n\n\n<figure class=\"wp-block-image size-large is-resized\"><a href=\"https:\/\/www.anpimacerata.it\/wp-content\/uploads\/2022\/03\/93ec9fac-2035-4a4a-a632-672824fd6d05.jpg\"><img loading=\"lazy\" decoding=\"async\" src=\"https:\/\/www.anpimacerata.it\/wp-content\/uploads\/2022\/03\/93ec9fac-2035-4a4a-a632-672824fd6d05-1024x682.jpg\" alt=\"\" class=\"wp-image-17120\" width=\"659\" height=\"439\" srcset=\"https:\/\/www.anpimacerata.it\/wp-content\/uploads\/2022\/03\/93ec9fac-2035-4a4a-a632-672824fd6d05-1024x682.jpg 1024w, https:\/\/www.anpimacerata.it\/wp-content\/uploads\/2022\/03\/93ec9fac-2035-4a4a-a632-672824fd6d05-300x200.jpg 300w, https:\/\/www.anpimacerata.it\/wp-content\/uploads\/2022\/03\/93ec9fac-2035-4a4a-a632-672824fd6d05-768x512.jpg 768w, https:\/\/www.anpimacerata.it\/wp-content\/uploads\/2022\/03\/93ec9fac-2035-4a4a-a632-672824fd6d05.jpg 1418w\" sizes=\"auto, (max-width: 659px) 100vw, 659px\" \/><\/a><\/figure>\n\n\n<div id=\"article_title\">\n<h1>Incontro ANPI-PD: &#8220;Comune l&#8217;impegno per la pace nella reciproca autonomia&#8221;<\/h1>\n<p>2 Marzo 2022<\/p>\n<\/div>\n<div class=\"lead decorated-links\">\n<p>Comunicato sull&#8217;incontro avvenuto oggi alla sede nazionale ANPI tra una delegazione del Partito Democratico, presieduta da&nbsp;<strong>Enrico Letta<\/strong>, e una delegazione dell&#8217;ANPI presieduta da&nbsp;<strong>Gianfranco Pagliarulo.&nbsp;<\/strong>Il Presidente nazionale ANPI all&#8217;<strong>agenzia DIRE<\/strong>: &#8220;<em>Siamo diversi ma non militarizziamo il confronto<\/em>&#8220;<\/p>\n<p><a href=\"https:\/\/www.anpi.it\/articoli\/2640\/incontro-anpi-pd-comune-limpegno-per-la-pace-nella-reciproca-autonomia\">segue<\/a><\/p>\n<\/div>\n<div id=\"article_title\">\n<h1>&#8220;Siamo tutti qui perch\u00e9 condanniamo l&#8217;invasione dell&#8217;Ucraina&#8221;<\/h1>\n<p>28 Febbraio 2022<\/p>\n<\/div>\n<div class=\"lead decorated-links\">\n<p><strong>Video<\/strong>&nbsp;dell&#8217;intervento del Presidente nazionale ANPI,&nbsp;<strong>Gianfranco Pagliarulo<\/strong>, alla manifestazione nazionale per la pace svoltasi il 26 febbraio in Piazza Santi Apostoli a Roma.<\/p>\n<\/div>\n\n\n<figure class=\"wp-block-embed is-type-video is-provider-vimeo wp-block-embed-vimeo wp-embed-aspect-1-2 wp-has-aspect-ratio\"><div class=\"wp-block-embed__wrapper\">\n<iframe loading=\"lazy\" title=\"Intervento di Gianfranco Pagliarulo - Roma, Piazza Santi Apostoli 26 febbraio 2022\" src=\"https:\/\/player.vimeo.com\/video\/682760371?dnt=1&amp;app_id=122963\" width=\"352\" height=\"640\" frameborder=\"0\" allow=\"autoplay; fullscreen; picture-in-picture; clipboard-write\"><\/iframe>\n<\/div><\/figure>\n\n\n<h1>Pagliarulo: &#8220;L&#8217;ANPI condanna fermamente l&#8217;invasione dell&#8217;Ucraina e non faccio alcuna autocritica sull&#8217;allargamento ad est della Nato&#8221;<\/h1>\n\n\n<p><a href=\"https:\/\/www.anpi.it\/articoli\/2639\/pagliarulo-lanpi-condanna-fermamente-linvasione-dellucraina-e-non-faccio-alcuna-autocritica-sullallargamento-ad-est-della-nato\">https:\/\/www.anpi.it\/articoli\/2639\/pagliarulo-lanpi-condanna-fermamente-linvasione-dellucraina-e-non-faccio-alcuna-autocritica-sullallargamento-ad-est-della-nato<\/a><\/p>\n\n\n<h1>Pagliarulo: &#8220;La politica degli elmetti e le diffamazioni contro l&#8217;ANPI&#8221;<\/h1>\n\n\n<p><a href=\"https:\/\/www.anpi.it\/articoli\/2637\/pagliarulo-la-politica-degli-elmetti-e-le-diffamazioni-contro-lanpi\">https:\/\/www.anpi.it\/articoli\/2637\/pagliarulo-la-politica-degli-elmetti-e-le-diffamazioni-contro-lanpi<\/a><\/p>\n\n\n\n<figure class=\"wp-block-embed is-type-wp-embed is-provider-rete-antifascista-maceratese wp-block-embed-rete-antifascista-maceratese\"><div class=\"wp-block-embed__wrapper\">\n<blockquote class=\"wp-embedded-content\" data-secret=\"72qawFrMES\"><a href=\"https:\/\/www.reteantifamc.it\/2022\/02\/27\/richiesta-di-esporre-sul-balcone-del-municipio-la-bandiera-della-pace-e-di-colorare-con-tutte-le-luci-lo-sferisterio\/\">Richiesta di esporre sul balcone del municipio la bandiera della pace e di colorare con tutte le luci lo Sferisterio<\/a><\/blockquote><iframe loading=\"lazy\" class=\"wp-embedded-content\" sandbox=\"allow-scripts\" security=\"restricted\" style=\"position: absolute; clip: rect(1px, 1px, 1px, 1px);\" title=\"&#8220;Richiesta di esporre sul balcone del municipio la bandiera della pace e di colorare con tutte le luci lo Sferisterio&#8221; &#8212; Rete antifascista maceratese\" src=\"https:\/\/www.reteantifamc.it\/2022\/02\/27\/richiesta-di-esporre-sul-balcone-del-municipio-la-bandiera-della-pace-e-di-colorare-con-tutte-le-luci-lo-sferisterio\/embed\/#?secret=g5l5V4U278#?secret=72qawFrMES\" data-secret=\"72qawFrMES\" width=\"500\" height=\"282\" frameborder=\"0\" marginwidth=\"0\" marginheight=\"0\" scrolling=\"no\"><\/iframe>\n<\/div><\/figure>\n\n\n\n<figure class=\"wp-block-embed is-type-wp-embed is-provider-rete-antifascista-maceratese wp-block-embed-rete-antifascista-maceratese\"><div class=\"wp-block-embed__wrapper\">\n<blockquote class=\"wp-embedded-content\" data-secret=\"ulegxXXIiq\"><a href=\"https:\/\/www.reteantifamc.it\/2022\/02\/27\/s-o-s-emergenza-ucraina\/\">S.O.S. EMERGENZA UCRAINA<\/a><\/blockquote><iframe loading=\"lazy\" class=\"wp-embedded-content\" sandbox=\"allow-scripts\" security=\"restricted\" style=\"position: absolute; clip: rect(1px, 1px, 1px, 1px);\" title=\"&#8220;S.O.S. EMERGENZA UCRAINA&#8221; &#8212; Rete antifascista maceratese\" src=\"https:\/\/www.reteantifamc.it\/2022\/02\/27\/s-o-s-emergenza-ucraina\/embed\/#?secret=0EjqK5WU4S#?secret=ulegxXXIiq\" data-secret=\"ulegxXXIiq\" width=\"500\" height=\"282\" frameborder=\"0\" marginwidth=\"0\" marginheight=\"0\" scrolling=\"no\"><\/iframe>\n<\/div><\/figure>\n\n\n\n<figure class=\"wp-block-embed is-type-wp-embed is-provider-a-n-p-i-comitato-provinciale-di-macerata wp-block-embed-a-n-p-i-comitato-provinciale-di-macerata\"><div class=\"wp-block-embed__wrapper\">\n<blockquote class=\"wp-embedded-content\" data-secret=\"4SGAEzTvDL\"><a href=\"https:\/\/www.anpimacerata.it\/?p=17094\">Il Forum delle Associazioni antifasciste e della Resistenza: &#8220;L&#8217;attacco all&#8217;Ucraina va condannato senz&#8217;appello&#8221;<\/a><\/blockquote><iframe loading=\"lazy\" class=\"wp-embedded-content\" sandbox=\"allow-scripts\" security=\"restricted\" style=\"position: absolute; clip: rect(1px, 1px, 1px, 1px);\" title=\"&#8220;Il Forum delle Associazioni antifasciste e della Resistenza: &#8220;L&#8217;attacco all&#8217;Ucraina va condannato senz&#8217;appello&#8221;&#8221; &#8212; A.N.P.I. - Comitato Provinciale di Macerata\" src=\"https:\/\/www.anpimacerata.it\/?p=17094&#038;embed=true#?secret=CjfxvR1bFf#?secret=4SGAEzTvDL\" data-secret=\"4SGAEzTvDL\" width=\"500\" height=\"282\" frameborder=\"0\" marginwidth=\"0\" marginheight=\"0\" scrolling=\"no\"><\/iframe>\n<\/div><\/figure>\n\n\n\n<figure class=\"wp-block-embed is-type-wp-embed is-provider-a-n-p-i-comitato-provinciale-di-macerata wp-block-embed-a-n-p-i-comitato-provinciale-di-macerata\"><div class=\"wp-block-embed__wrapper\">\n<blockquote class=\"wp-embedded-content\" data-secret=\"IujEcvwtpQ\"><a href=\"https:\/\/www.anpimacerata.it\/?p=17081\">Presidio per la Pace &#8211; Macerata Piazza Cesare Battisti<\/a><\/blockquote><iframe loading=\"lazy\" class=\"wp-embedded-content\" sandbox=\"allow-scripts\" security=\"restricted\" style=\"position: absolute; clip: rect(1px, 1px, 1px, 1px);\" title=\"&#8220;Presidio per la Pace &#8211; Macerata Piazza Cesare Battisti&#8221; &#8212; A.N.P.I. - Comitato Provinciale di Macerata\" src=\"https:\/\/www.anpimacerata.it\/?p=17081&#038;embed=true#?secret=ZFd8j8lLQk#?secret=IujEcvwtpQ\" data-secret=\"IujEcvwtpQ\" width=\"500\" height=\"282\" frameborder=\"0\" marginwidth=\"0\" marginheight=\"0\" scrolling=\"no\"><\/iframe>\n<\/div><\/figure>\n\n\n\n<figure class=\"wp-block-embed is-type-wp-embed is-provider-a-n-p-i-comitato-provinciale-di-macerata wp-block-embed-a-n-p-i-comitato-provinciale-di-macerata\"><div class=\"wp-block-embed__wrapper\">\n<blockquote class=\"wp-embedded-content\" data-secret=\"5rfBJ3gnNh\"><a href=\"https:\/\/www.anpimacerata.it\/?p=17059\">Appello della Segreteria nazionale ANPI: &#8220;Ucraina: TORNI UN GRANDE MOVIMENTO PER LA PACE&#8221;<\/a><\/blockquote><iframe loading=\"lazy\" class=\"wp-embedded-content\" sandbox=\"allow-scripts\" security=\"restricted\" style=\"position: absolute; clip: rect(1px, 1px, 1px, 1px);\" title=\"&#8220;Appello della Segreteria nazionale ANPI: &#8220;Ucraina: TORNI UN GRANDE MOVIMENTO PER LA PACE&#8221;&#8221; &#8212; A.N.P.I. - Comitato Provinciale di Macerata\" src=\"https:\/\/www.anpimacerata.it\/?p=17059&#038;embed=true#?secret=AVgKxpcKUX#?secret=5rfBJ3gnNh\" data-secret=\"5rfBJ3gnNh\" width=\"500\" height=\"282\" frameborder=\"0\" marginwidth=\"0\" marginheight=\"0\" scrolling=\"no\"><\/iframe>\n<\/div><\/figure>\n","protected":false},"excerpt":{"rendered":"<p>Pagliarulo a Radio Rai: &#8220;Attenzione alla linea rossa che pu\u00f2 allargare il conflitto&#8221; 9 Marzo 2022 Il testo dell&#8217;intervento del\u00a0Presidente nazionale ANPI\u00a0al dibattito con\u00a0Luigi Manconi\u00a0andato in onda alle ore 10:10 di oggi nel corso del programma &#8220;Tutta la citt\u00e0 ne parla&#8221; su Rai radio 3. Il Presidente ha anche annunciato l&#8216;adesione dell&#8217;Associazione alla manifestazione del [&hellip;]<\/p>\n","protected":false},"author":7,"featured_media":0,"comment_status":"closed","ping_status":"open","sticky":true,"template":"","format":"standard","meta":{"footnotes":""},"categories":[65,67],"tags":[],"class_list":["post-17099","post","type-post","status-publish","format-standard","hentry","category-65","category-ucraina"],"_links":{"self":[{"href":"https:\/\/www.anpimacerata.it\/index.php?rest_route=\/wp\/v2\/posts\/17099","targetHints":{"allow":["GET"]}}],"collection":[{"href":"https:\/\/www.anpimacerata.it\/index.php?rest_route=\/wp\/v2\/posts"}],"about":[{"href":"https:\/\/www.anpimacerata.it\/index.php?rest_route=\/wp\/v2\/types\/post"}],"author":[{"embeddable":true,"href":"https:\/\/www.anpimacerata.it\/index.php?rest_route=\/wp\/v2\/users\/7"}],"replies":[{"embeddable":true,"href":"https:\/\/www.anpimacerata.it\/index.php?rest_route=%2Fwp%2Fv2%2Fcomments&post=17099"}],"version-history":[{"count":9,"href":"https:\/\/www.anpimacerata.it\/index.php?rest_route=\/wp\/v2\/posts\/17099\/revisions"}],"predecessor-version":[{"id":17209,"href":"https:\/\/www.anpimacerata.it\/index.php?rest_route=\/wp\/v2\/posts\/17099\/revisions\/17209"}],"wp:attachment":[{"href":"https:\/\/www.anpimacerata.it\/index.php?rest_route=%2Fwp%2Fv2%2Fmedia&parent=17099"}],"wp:term":[{"taxonomy":"category","embeddable":true,"href":"https:\/\/www.anpimacerata.it\/index.php?rest_route=%2Fwp%2Fv2%2Fcategories&post=17099"},{"taxonomy":"post_tag","embeddable":true,"href":"https:\/\/www.anpimacerata.it\/index.php?rest_route=%2Fwp%2Fv2%2Ftags&post=17099"}],"curies":[{"name":"wp","href":"https:\/\/api.w.org\/{rel}","templated":true}]}}